{"id":10347,"date":"2025-04-07T09:00:00","date_gmt":"2025-04-07T07:00:00","guid":{"rendered":"https:\/\/albermoya.com\/caminata-con-historia-recorre-la-mision-de-san-fernando-como-un-local\/"},"modified":"2025-04-07T09:00:00","modified_gmt":"2025-04-07T07:00:00","slug":"caminata-con-historia-recorre-la-mision-de-san-fernando-como-un-local","status":"publish","type":"post","link":"https:\/\/albermoya.com\/en\/caminata-con-historia-recorre-la-mision-de-san-fernando-como-un-local\/","title":{"rendered":"Caminata con historia: Recorre la Misi\u00f3n de San Fernando como un local"},"content":{"rendered":"<div id=\"ez-toc-container\" class=\"ez-toc-v2_0_82_2 counter-hierarchy ez-toc-counter ez-toc-grey ez-toc-container-direction\">\n<div class=\"ez-toc-title-container\"><p class=\"ez-toc-title\" style=\"cursor:inherit\">Table of Contents<\/p>\n<\/div><nav><ul class='ez-toc-list ez-toc-list-level-1' ><li class='ez-toc-page-1 ez-toc-heading-level-3'><a class=\"ez-toc-link ez-toc-heading-1\" href=\"https:\/\/albermoya.com\/en\/caminata-con-historia-recorre-la-mision-de-san-fernando-como-un-local\/#Introduccion_a_la_Mision_de_San_Fernando\" >Introducci\u00f3n a la Misi\u00f3n de San Fernando<\/a><\/li><li class='ez-toc-page-1 ez-toc-heading-level-3'><a class=\"ez-toc-link ez-toc-heading-2\" href=\"https:\/\/albermoya.com\/en\/caminata-con-historia-recorre-la-mision-de-san-fernando-como-un-local\/#La_Historia_Detras_de_la_Mision\" >La Historia Detr\u00e1s de la Misi\u00f3n<\/a><\/li><li class='ez-toc-page-1 ez-toc-heading-level-3'><a class=\"ez-toc-link ez-toc-heading-3\" href=\"https:\/\/albermoya.com\/en\/caminata-con-historia-recorre-la-mision-de-san-fernando-como-un-local\/#Un_Paseo_por_los_Jardines_de_la_Mision\" >Un Paseo por los Jardines de la Misi\u00f3n<\/a><\/li><li class='ez-toc-page-1 ez-toc-heading-level-3'><a class=\"ez-toc-link ez-toc-heading-4\" href=\"https:\/\/albermoya.com\/en\/caminata-con-historia-recorre-la-mision-de-san-fernando-como-un-local\/#La_Arquitectura_de_la_Mision\" >La Arquitectura de la Misi\u00f3n<\/a><\/li><li class='ez-toc-page-1 ez-toc-heading-level-3'><a class=\"ez-toc-link ez-toc-heading-5\" href=\"https:\/\/albermoya.com\/en\/caminata-con-historia-recorre-la-mision-de-san-fernando-como-un-local\/#Viviendo_la_Cultura_Local\" >Viviendo la Cultura Local<\/a><\/li><li class='ez-toc-page-1 ez-toc-heading-level-3'><a class=\"ez-toc-link ez-toc-heading-6\" href=\"https:\/\/albermoya.com\/en\/caminata-con-historia-recorre-la-mision-de-san-fernando-como-un-local\/#La_Comunidad_y_la_Mision_Hoy\" >La Comunidad y la Misi\u00f3n Hoy<\/a><\/li><li class='ez-toc-page-1 ez-toc-heading-level-3'><a class=\"ez-toc-link ez-toc-heading-7\" href=\"https:\/\/albermoya.com\/en\/caminata-con-historia-recorre-la-mision-de-san-fernando-como-un-local\/#Consejos_para_Visitar_la_Mision_de_San_Fernando\" >Consejos para Visitar la Misi\u00f3n de San Fernando<\/a><\/li><li class='ez-toc-page-1 ez-toc-heading-level-3'><a class=\"ez-toc-link ez-toc-heading-8\" href=\"https:\/\/albermoya.com\/en\/caminata-con-historia-recorre-la-mision-de-san-fernando-como-un-local\/#Reflexiones_Finales\" >Final thoughts<\/a><\/li><\/ul><\/nav><\/div>\n<p><img fetchpriority=\"high\" decoding=\"async\" class=\"alignnone wp-image-10005 size-full\" src=\"https:\/\/albermoya.com\/wp-content\/uploads\/2025\/04\/ha4x1j85vnrj00cp42k8djtmzm.png\"  width=\"1344\" height=\"768\" \/><\/p>\n<h3><span class=\"ez-toc-section\" id=\"Introduccion_a_la_Mision_de_San_Fernando\"><\/span>Introducci\u00f3n a la Misi\u00f3n de San Fernando<span class=\"ez-toc-section-end\"><\/span><\/h3>\n<p>La Misi\u00f3n de San Fernando es un lugar emblem\u00e1tico en el coraz\u00f3n del Valle de San Fernando. Fundada en 1797, esta misi\u00f3n no solo tiene un profundo significado hist\u00f3rico, sino que tambi\u00e9n es un punto de encuentro cultural donde la comunidad se une para celebrar sus ra\u00edces. Caminar por los terrenos de la misi\u00f3n es sumergirse en la historia de California y apreciar la belleza de su arquitectura. Pero, \u00bfc\u00f3mo ser\u00eda recorrer este lugar como un verdadero local? Acomp\u00e1\u00f1ame en esta caminata hist\u00f3rica y descubre los secretos que la Misi\u00f3n de San Fernando tiene para ofrecer.<\/p>\n<h3><span class=\"ez-toc-section\" id=\"La_Historia_Detras_de_la_Mision\"><\/span>La Historia Detr\u00e1s de la Misi\u00f3n<span class=\"ez-toc-section-end\"><\/span><\/h3>\n<p>La Misi\u00f3n de San Fernando es la 17\u00aa de las 21 misiones fundadas por los franciscanos en la Alta California. Su nombre completo es Misi\u00f3n San Fernando Rey de Espa\u00f1a, en honor a San Fernando III, rey de Castilla. Esta misi\u00f3n fue establecida para servir a los pueblos ind\u00edgenas, los cuales fueron educados en la fe cat\u00f3lica y en la agricultura, promoviendo as\u00ed un estilo de vida autosuficiente.<\/p>\n<p>A medida que camino por los terrenos, me encuentro rodeado de historia. Las paredes de adobe, los jardines bien cuidados y la iglesia son testigos de los tiempos en que esta misi\u00f3n fue un centro vital para la comunidad. La misi\u00f3n no solo fue un lugar de culto, sino tambi\u00e9n un centro de comercio y un refugio para aquellos que buscaban una vida mejor.<\/p>\n<h3><span class=\"ez-toc-section\" id=\"Un_Paseo_por_los_Jardines_de_la_Mision\"><\/span>Un Paseo por los Jardines de la Misi\u00f3n<span class=\"ez-toc-section-end\"><\/span><\/h3>\n<p>A medida que me acerco a los jardines de la misi\u00f3n, la belleza de la flora nativa de California me envuelve. Los naranjos, limoneros y otras plantas aut\u00f3ctonas florecen bajo el sol californiano. Este espacio no solo es un lugar para disfrutar de la naturaleza, sino que tambi\u00e9n simboliza la agricultura que fue fundamental para la misi\u00f3n.<\/p>\n<p>Recorrer los jardines es una experiencia sensorial. Los aromas de las flores y los c\u00edtricos llenan el aire, mientras que el sonido de las aves cantando proporciona una sinfon\u00eda que acompa\u00f1a mi caminata. Cada paso aqu\u00ed me recuerda la importancia de la agricultura en la vida de los primeros pobladores y su relaci\u00f3n con la tierra.<\/p>\n<h3><span class=\"ez-toc-section\" id=\"La_Arquitectura_de_la_Mision\"><\/span>La Arquitectura de la Misi\u00f3n<span class=\"ez-toc-section-end\"><\/span><\/h3>\n<p>La arquitectura de la Misi\u00f3n de San Fernando es un testimonio del estilo colonial espa\u00f1ol. Al acercarme a la iglesia, noto sus caracter\u00edsticas distintivas: la fachada blanca, el campanario que se eleva hacia el cielo y las decoraciones que adornan su entrada. Esta misi\u00f3n, con su estilo simple pero hermoso, invita a la contemplaci\u00f3n y al respeto.<\/p>\n<p>Dentro de la iglesia, el ambiente es sereno. Las paredes est\u00e1n decoradas con arte religioso que narra historias de la fe y la perseverancia. La luz que entra a trav\u00e9s de las ventanas crea un ambiente c\u00e1lido, perfecto para la reflexi\u00f3n. Es un espacio que invita a detenerse, a meditar y a conectar con lo espiritual.<\/p>\n<h3><span class=\"ez-toc-section\" id=\"Viviendo_la_Cultura_Local\"><\/span>Viviendo la Cultura Local<span class=\"ez-toc-section-end\"><\/span><\/h3>\n<p>Recorrer la Misi\u00f3n de San Fernando no solo es una lecci\u00f3n de historia, sino tambi\u00e9n una oportunidad para conectarse con la cultura local. A menudo, hay eventos comunitarios, desde ferias de arte hasta festivales de m\u00fasica, que celebran la diversidad cultural de la regi\u00f3n. Estos eventos son una excelente manera de conocer a los residentes y entender mejor lo que hace que esta comunidad sea \u00fanica.<\/p>\n<p>Durante mi caminata, me doy cuenta de que la misi\u00f3n es m\u00e1s que un sitio hist\u00f3rico; es un lugar donde la gente se re\u00fane, comparte y celebra sus tradiciones. La m\u00fasica, la comida y el arte son parte integral de la experiencia de visitar la misi\u00f3n, y cada evento es una oportunidad para aprender algo nuevo.<\/p>\n<h3><span class=\"ez-toc-section\" id=\"La_Comunidad_y_la_Mision_Hoy\"><\/span>La Comunidad y la Misi\u00f3n Hoy<span class=\"ez-toc-section-end\"><\/span><\/h3>\n<p>Hoy en d\u00eda, la Misi\u00f3n de San Fernando sigue siendo un centro activo para la comunidad. No solo es un lugar de culto, sino que tambi\u00e9n ofrece programas educativos y eventos culturales que refuerzan la conexi\u00f3n entre las generaciones. Al hablar con algunos de los lugare\u00f1os, me doy cuenta de que muchos han crecido visitando la misi\u00f3n y consideran que es un pilar de su identidad.<\/p>\n<p>Esta conexi\u00f3n entre la historia y la comunidad es lo que hace que la Misi\u00f3n de San Fernando sea especial. No es solo un destino tur\u00edstico; es un lugar donde las personas pueden aprender sobre sus ra\u00edces y compartir su cultura con los dem\u00e1s. A trav\u00e9s de sus actividades, la misi\u00f3n fomenta un sentido de pertenencia y orgullo entre los residentes.<\/p>\n<h3><span class=\"ez-toc-section\" id=\"Consejos_para_Visitar_la_Mision_de_San_Fernando\"><\/span>Consejos para Visitar la Misi\u00f3n de San Fernando<span class=\"ez-toc-section-end\"><\/span><\/h3>\n<p>Si est\u00e1s planeando visitar la Misi\u00f3n de San Fernando, aqu\u00ed hay algunos consejos para disfrutar al m\u00e1ximo de tu experiencia:<\/p>\n<p>1. <strong>Visita durante un evento:<\/strong> Los eventos comunitarios son una excelente manera de interactuar con los locales y aprender sobre la cultura de la misi\u00f3n. Consulta el calendario de eventos antes de tu visita.<\/p>\n<p>2. <strong>Explora los alrededores:<\/strong> No te limites a la misi\u00f3n; explora los parques y senderos cercanos. El Valle de San Fernando tiene mucho que ofrecer a los amantes de la naturaleza.<\/p>\n<p>3. <strong>T\u00f3mate tu tiempo:<\/strong> No apresures tu visita. Dedica tiempo a pasear por los jardines, reflexionar en la iglesia y disfrutar de la belleza del lugar.<\/p>\n<p>4. <strong>Prueba la comida local:<\/strong> Hay varios restaurantes y cafeter\u00edas cerca de la misi\u00f3n donde puedes probar la deliciosa cocina californiana. No te vayas sin probar un buen taco o un plato de comida mexicana.<\/p>\n<p>5. <strong>Participa en una visita guiada:<\/strong> Considera unirte a una visita guiada para obtener informaci\u00f3n m\u00e1s profunda sobre la historia y la arquitectura de la misi\u00f3n. Los gu\u00edas locales pueden ofrecerte perspectivas valiosas que no encontrar\u00e1s en los folletos tur\u00edsticos.<\/p>\n<h3><span class=\"ez-toc-section\" id=\"Reflexiones_Finales\"><\/span>Final thoughts<span class=\"ez-toc-section-end\"><\/span><\/h3>\n<p>Recorrer la Misi\u00f3n de San Fernando es una experiencia que trasciende el tiempo. Es un viaje a trav\u00e9s de la historia, la cultura y la comunidad. Cada rinc\u00f3n de este lugar cuenta una historia, y cada visitante tiene la oportunidad de conectarse con ella a un nivel personal.<\/p>\n<p>Como alguien que ha recorrido estos caminos muchas veces, puedo decir que cada visita es diferente. La misi\u00f3n no solo es un monumento al pasado, sino un s\u00edmbolo vivo de la comunidad y de la rica herencia que comparten sus residentes. As\u00ed que la pr\u00f3xima vez que te encuentres en el Valle de San Fernando, no olvides hacer una parada en la Misi\u00f3n de San Fernando. Te prometo que no solo aprender\u00e1s sobre la historia, sino que tambi\u00e9n te llevar\u00e1s contigo un pedazo del alma de esta hermosa comunidad.<\/p>","protected":false},"excerpt":{"rendered":"<p>Descubre la Misi\u00f3n de San Fernando, un emblem\u00e1tico lugar hist\u00f3rico en el coraz\u00f3n del Valle de San Fernando desde 1797. Explora su rica historia, marav\u00edllate con su arquitectura colonial espa\u00f1ola y sum\u00e9rgete en la vibrante cultura local. Atraviesa sus jardines llenos de flora nativa y participa en eventos comunitarios que celebran sus tradiciones. Prep\u00e1rate para una experiencia \u00fanica que conecta pasado y presente, y disfruta al m\u00e1ximo de tu visita con nuestros consejos pr\u00e1cticos. \u00a1Ad\u00e9ntrate en una caminata que te transformar\u00e1!<\/p>","protected":false},"author":19,"featured_media":10346,"comment_status":"closed","ping_status":"closed","sticky":false,"template":"","format":"standard","meta":{"_acf_changed":false,"site-sidebar-layout":"default","site-content-layout":"","ast-site-content-layout":"","site-content-style":"default","site-sidebar-style":"default","ast-global-header-display":"","ast-banner-title-visibility":"","ast-main-header-display":"","ast-hfb-above-header-display":"","ast-hfb-below-header-display":"","ast-hfb-mobile-header-display":"","site-post-title":"","ast-breadcrumbs-content":"","ast-featured-img":"","footer-sml-layout":"","theme-transparent-header-meta":"","adv-header-id-meta":"","stick-header-meta":"","header-above-stick-meta":"","header-main-stick-meta":"","header-below-stick-meta":"","astra-migrate-meta-layouts":"default","ast-page-background-enabled":"default","ast-page-background-meta":{"desktop":{"background-color":"","background-image":"","background-repeat":"repeat","background-position":"center center","background-size":"auto","background-attachment":"scroll","background-type":"","background-media":"","overlay-type":"","overlay-color":"","overlay-opacity":"","overlay-gradient":""},"tablet":{"background-color":"","background-image":"","background-repeat":"repeat","background-position":"center center","background-size":"auto","background-attachment":"scroll","background-type":"","background-media":"","overlay-type":"","overlay-color":"","overlay-opacity":"","overlay-gradient":""},"mobile":{"background-color":"","background-image":"","background-repeat":"repeat","background-position":"center center","background-size":"auto","background-attachment":"scroll","background-type":"","background-media":"","overlay-type":"","overlay-color":"","overlay-opacity":"","overlay-gradient":""}},"ast-content-background-meta":{"desktop":{"background-color":"var(--ast-global-color-5)","background-image":"","background-repeat":"repeat","background-position":"center center","background-size":"auto","background-attachment":"scroll","background-type":"","background-media":"","overlay-type":"","overlay-color":"","overlay-opacity":"","overlay-gradient":""},"tablet":{"background-color":"var(--ast-global-color-5)","background-image":"","background-repeat":"repeat","background-position":"center center","background-size":"auto","background-attachment":"scroll","background-type":"","background-media":"","overlay-type":"","overlay-color":"","overlay-opacity":"","overlay-gradient":""},"mobile":{"background-color":"var(--ast-global-color-5)","background-image":"","background-repeat":"repeat","background-position":"center center","background-size":"auto","background-attachment":"scroll","background-type":"","background-media":"","overlay-type":"","overlay-color":"","overlay-opacity":"","overlay-gradient":""}},"footnotes":""},"categories":[358],"tags":[],"class_list":["post-10347","post","type-post","status-publish","format-standard","has-post-thumbnail","hentry","category-estilo-de-vida"],"acf":[],"yoast_head":"<!-- This site is optimized with the Yoast SEO plugin v27.4 - https:\/\/yoast.com\/product\/yoast-seo-wordpress\/ -->\n<title>Caminata con historia: Recorre la Misi\u00f3n de San Fernando como un local - Alberto Moya - Realtor<\/title>\n<meta name=\"robots\" content=\"index, follow, max-snippet:-1, max-image-preview:large, max-video-preview:-1\" \/>\n<link rel=\"canonical\" href=\"https:\/\/albermoya.com\/en\/caminata-con-historia-recorre-la-mision-de-san-fernando-como-un-local\/\" \/>\n<meta property=\"og:locale\" content=\"en_US\" \/>\n<meta property=\"og:type\" content=\"article\" \/>\n<meta property=\"og:title\" content=\"Caminata con historia: Recorre la Misi\u00f3n de San Fernando como un local - Alberto Moya - Realtor\" \/>\n<meta property=\"og:description\" content=\"Descubre la Misi\u00f3n de San Fernando, un emblem\u00e1tico lugar hist\u00f3rico en el coraz\u00f3n del Valle de San Fernando desde 1797. Explora su rica historia, marav\u00edllate con su arquitectura colonial espa\u00f1ola y sum\u00e9rgete en la vibrante cultura local. Atraviesa sus jardines llenos de flora nativa y participa en eventos comunitarios que celebran sus tradiciones. Prep\u00e1rate para una experiencia \u00fanica que conecta pasado y presente, y disfruta al m\u00e1ximo de tu visita con nuestros consejos pr\u00e1cticos. \u00a1Ad\u00e9ntrate en una caminata que te transformar\u00e1!\" \/>\n<meta property=\"og:url\" content=\"https:\/\/albermoya.com\/en\/caminata-con-historia-recorre-la-mision-de-san-fernando-como-un-local\/\" \/>\n<meta property=\"og:site_name\" content=\"Alberto Moya - Realtor\" \/>\n<meta property=\"article:publisher\" content=\"https:\/\/www.facebook.com\/albermoyavalley\/\" \/>\n<meta property=\"article:author\" content=\"https:\/\/www.facebook.com\/albermoyavalley\/\" \/>\n<meta property=\"article:published_time\" content=\"2025-04-07T07:00:00+00:00\" \/>\n<meta property=\"og:image\" content=\"https:\/\/albermoya.com\/wp-content\/uploads\/2025\/02\/d2bwkgwdesrj00cn380rt3hx44.png\" \/>\n\t<meta property=\"og:image:width\" content=\"1344\" \/>\n\t<meta property=\"og:image:height\" content=\"768\" \/>\n\t<meta property=\"og:image:type\" content=\"image\/png\" \/>\n<meta name=\"author\" content=\"Alber\" \/>\n<meta name=\"twitter:card\" content=\"summary_large_image\" \/>\n<script type=\"application\/ld+json\" class=\"yoast-schema-graph\">{\"@context\":\"https:\\\/\\\/schema.org\",\"@graph\":[{\"@type\":\"Article\",\"@id\":\"https:\\\/\\\/albermoya.com\\\/caminata-con-historia-recorre-la-mision-de-san-fernando-como-un-local\\\/#article\",\"isPartOf\":{\"@id\":\"https:\\\/\\\/albermoya.com\\\/caminata-con-historia-recorre-la-mision-de-san-fernando-como-un-local\\\/\"},\"author\":{\"name\":\"Alber\",\"@id\":\"https:\\\/\\\/albermoya.com\\\/#\\\/schema\\\/person\\\/9ff661a570c78114c2b0e236c968b579\"},\"headline\":\"Caminata con historia: Recorre la Misi\u00f3n de San Fernando como un local\",\"datePublished\":\"2025-04-07T07:00:00+00:00\",\"mainEntityOfPage\":{\"@id\":\"https:\\\/\\\/albermoya.com\\\/caminata-con-historia-recorre-la-mision-de-san-fernando-como-un-local\\\/\"},\"wordCount\":1172,\"publisher\":{\"@id\":\"https:\\\/\\\/albermoya.com\\\/#\\\/schema\\\/person\\\/9ff661a570c78114c2b0e236c968b579\"},\"image\":{\"@id\":\"https:\\\/\\\/albermoya.com\\\/caminata-con-historia-recorre-la-mision-de-san-fernando-como-un-local\\\/#primaryimage\"},\"thumbnailUrl\":\"https:\\\/\\\/albermoya.com\\\/wp-content\\\/uploads\\\/2025\\\/04\\\/ha4x1j85vnrj00cp42k8djtmzm.png\",\"articleSection\":[\"Estilo de vida\"],\"inLanguage\":\"en-US\"},{\"@type\":\"WebPage\",\"@id\":\"https:\\\/\\\/albermoya.com\\\/caminata-con-historia-recorre-la-mision-de-san-fernando-como-un-local\\\/\",\"url\":\"https:\\\/\\\/albermoya.com\\\/caminata-con-historia-recorre-la-mision-de-san-fernando-como-un-local\\\/\",\"name\":\"Caminata con historia: Recorre la Misi\u00f3n de San Fernando como un local - Alberto Moya - Realtor\",\"isPartOf\":{\"@id\":\"https:\\\/\\\/albermoya.com\\\/#website\"},\"primaryImageOfPage\":{\"@id\":\"https:\\\/\\\/albermoya.com\\\/caminata-con-historia-recorre-la-mision-de-san-fernando-como-un-local\\\/#primaryimage\"},\"image\":{\"@id\":\"https:\\\/\\\/albermoya.com\\\/caminata-con-historia-recorre-la-mision-de-san-fernando-como-un-local\\\/#primaryimage\"},\"thumbnailUrl\":\"https:\\\/\\\/albermoya.com\\\/wp-content\\\/uploads\\\/2025\\\/04\\\/ha4x1j85vnrj00cp42k8djtmzm.png\",\"datePublished\":\"2025-04-07T07:00:00+00:00\",\"breadcrumb\":{\"@id\":\"https:\\\/\\\/albermoya.com\\\/caminata-con-historia-recorre-la-mision-de-san-fernando-como-un-local\\\/#breadcrumb\"},\"inLanguage\":\"en-US\",\"potentialAction\":[{\"@type\":\"ReadAction\",\"target\":[\"https:\\\/\\\/albermoya.com\\\/caminata-con-historia-recorre-la-mision-de-san-fernando-como-un-local\\\/\"]}]},{\"@type\":\"ImageObject\",\"inLanguage\":\"en-US\",\"@id\":\"https:\\\/\\\/albermoya.com\\\/caminata-con-historia-recorre-la-mision-de-san-fernando-como-un-local\\\/#primaryimage\",\"url\":\"https:\\\/\\\/albermoya.com\\\/wp-content\\\/uploads\\\/2025\\\/04\\\/ha4x1j85vnrj00cp42k8djtmzm.png\",\"contentUrl\":\"https:\\\/\\\/albermoya.com\\\/wp-content\\\/uploads\\\/2025\\\/04\\\/ha4x1j85vnrj00cp42k8djtmzm.png\",\"width\":1344,\"height\":768,\"caption\":\"Caminatas Misi\u00f3n San Fernando\"},{\"@type\":\"BreadcrumbList\",\"@id\":\"https:\\\/\\\/albermoya.com\\\/caminata-con-historia-recorre-la-mision-de-san-fernando-como-un-local\\\/#breadcrumb\",\"itemListElement\":[{\"@type\":\"ListItem\",\"position\":1,\"name\":\"Portada\",\"item\":\"https:\\\/\\\/albermoya.com\\\/\"},{\"@type\":\"ListItem\",\"position\":2,\"name\":\"Caminata con historia: Recorre la Misi\u00f3n de San Fernando como un local\"}]},{\"@type\":\"WebSite\",\"@id\":\"https:\\\/\\\/albermoya.com\\\/#website\",\"url\":\"https:\\\/\\\/albermoya.com\\\/\",\"name\":\"Alberto Moya - Asesor\",\"description\":\"Realtor en Los Angeles. Servicios para ayudarte a comprar y vender casa en Los \u00c1ngeles.\",\"publisher\":{\"@id\":\"https:\\\/\\\/albermoya.com\\\/#\\\/schema\\\/person\\\/9ff661a570c78114c2b0e236c968b579\"},\"potentialAction\":[{\"@type\":\"SearchAction\",\"target\":{\"@type\":\"EntryPoint\",\"urlTemplate\":\"https:\\\/\\\/albermoya.com\\\/?s={search_term_string}\"},\"query-input\":{\"@type\":\"PropertyValueSpecification\",\"valueRequired\":true,\"valueName\":\"search_term_string\"}}],\"inLanguage\":\"en-US\"},{\"@type\":[\"Person\",\"Organization\"],\"@id\":\"https:\\\/\\\/albermoya.com\\\/#\\\/schema\\\/person\\\/9ff661a570c78114c2b0e236c968b579\",\"name\":\"Alber\",\"image\":{\"@type\":\"ImageObject\",\"inLanguage\":\"en-US\",\"@id\":\"https:\\\/\\\/albermoya.com\\\/wp-content\\\/uploads\\\/2021\\\/06\\\/logo_alber_moya-02.png\",\"url\":\"https:\\\/\\\/albermoya.com\\\/wp-content\\\/uploads\\\/2021\\\/06\\\/logo_alber_moya-02.png\",\"contentUrl\":\"https:\\\/\\\/albermoya.com\\\/wp-content\\\/uploads\\\/2021\\\/06\\\/logo_alber_moya-02.png\",\"width\":568,\"height\":254,\"caption\":\"Alber\"},\"logo\":{\"@id\":\"https:\\\/\\\/albermoya.com\\\/wp-content\\\/uploads\\\/2021\\\/06\\\/logo_alber_moya-02.png\"},\"sameAs\":[\"https:\\\/\\\/albermoya.com\\\/\",\"https:\\\/\\\/www.facebook.com\\\/albermoyavalley\\\/\",\"https:\\\/\\\/www.instagram.com\\\/albermoyarealtor\\\/\",\"https:\\\/\\\/www.linkedin.com\\\/in\\\/albermoya\",\"https:\\\/\\\/www.youtube.com\\\/channel\\\/UCmJjMB11OCAiJ3c8phJLgoQ\"],\"url\":\"https:\\\/\\\/albermoya.com\\\/en\\\/author\\\/amoyaguerrerogmail-com\\\/\"}]}<\/script>\n<!-- \/ Yoast SEO plugin. -->","yoast_head_json":{"title":"Caminata con historia: Recorre la Misi\u00f3n de San Fernando como un local - Alberto Moya - Realtor","robots":{"index":"index","follow":"follow","max-snippet":"max-snippet:-1","max-image-preview":"max-image-preview:large","max-video-preview":"max-video-preview:-1"},"canonical":"https:\/\/albermoya.com\/en\/caminata-con-historia-recorre-la-mision-de-san-fernando-como-un-local\/","og_locale":"en_US","og_type":"article","og_title":"Caminata con historia: Recorre la Misi\u00f3n de San Fernando como un local - Alberto Moya - Realtor","og_description":"Descubre la Misi\u00f3n de San Fernando, un emblem\u00e1tico lugar hist\u00f3rico en el coraz\u00f3n del Valle de San Fernando desde 1797. Explora su rica historia, marav\u00edllate con su arquitectura colonial espa\u00f1ola y sum\u00e9rgete en la vibrante cultura local. Atraviesa sus jardines llenos de flora nativa y participa en eventos comunitarios que celebran sus tradiciones. Prep\u00e1rate para una experiencia \u00fanica que conecta pasado y presente, y disfruta al m\u00e1ximo de tu visita con nuestros consejos pr\u00e1cticos. \u00a1Ad\u00e9ntrate en una caminata que te transformar\u00e1!","og_url":"https:\/\/albermoya.com\/en\/caminata-con-historia-recorre-la-mision-de-san-fernando-como-un-local\/","og_site_name":"Alberto Moya - Realtor","article_publisher":"https:\/\/www.facebook.com\/albermoyavalley\/","article_author":"https:\/\/www.facebook.com\/albermoyavalley\/","article_published_time":"2025-04-07T07:00:00+00:00","og_image":[{"width":1344,"height":768,"url":"https:\/\/albermoya.com\/wp-content\/uploads\/2025\/02\/d2bwkgwdesrj00cn380rt3hx44.png","type":"image\/png"}],"author":"Alber","twitter_card":"summary_large_image","schema":{"@context":"https:\/\/schema.org","@graph":[{"@type":"Article","@id":"https:\/\/albermoya.com\/caminata-con-historia-recorre-la-mision-de-san-fernando-como-un-local\/#article","isPartOf":{"@id":"https:\/\/albermoya.com\/caminata-con-historia-recorre-la-mision-de-san-fernando-como-un-local\/"},"author":{"name":"Alber","@id":"https:\/\/albermoya.com\/#\/schema\/person\/9ff661a570c78114c2b0e236c968b579"},"headline":"Caminata con historia: Recorre la Misi\u00f3n de San Fernando como un local","datePublished":"2025-04-07T07:00:00+00:00","mainEntityOfPage":{"@id":"https:\/\/albermoya.com\/caminata-con-historia-recorre-la-mision-de-san-fernando-como-un-local\/"},"wordCount":1172,"publisher":{"@id":"https:\/\/albermoya.com\/#\/schema\/person\/9ff661a570c78114c2b0e236c968b579"},"image":{"@id":"https:\/\/albermoya.com\/caminata-con-historia-recorre-la-mision-de-san-fernando-como-un-local\/#primaryimage"},"thumbnailUrl":"https:\/\/albermoya.com\/wp-content\/uploads\/2025\/04\/ha4x1j85vnrj00cp42k8djtmzm.png","articleSection":["Estilo de vida"],"inLanguage":"en-US"},{"@type":"WebPage","@id":"https:\/\/albermoya.com\/caminata-con-historia-recorre-la-mision-de-san-fernando-como-un-local\/","url":"https:\/\/albermoya.com\/caminata-con-historia-recorre-la-mision-de-san-fernando-como-un-local\/","name":"Caminata con historia: Recorre la Misi\u00f3n de San Fernando como un local - Alberto Moya - Realtor","isPartOf":{"@id":"https:\/\/albermoya.com\/#website"},"primaryImageOfPage":{"@id":"https:\/\/albermoya.com\/caminata-con-historia-recorre-la-mision-de-san-fernando-como-un-local\/#primaryimage"},"image":{"@id":"https:\/\/albermoya.com\/caminata-con-historia-recorre-la-mision-de-san-fernando-como-un-local\/#primaryimage"},"thumbnailUrl":"https:\/\/albermoya.com\/wp-content\/uploads\/2025\/04\/ha4x1j85vnrj00cp42k8djtmzm.png","datePublished":"2025-04-07T07:00:00+00:00","breadcrumb":{"@id":"https:\/\/albermoya.com\/caminata-con-historia-recorre-la-mision-de-san-fernando-como-un-local\/#breadcrumb"},"inLanguage":"en-US","potentialAction":[{"@type":"ReadAction","target":["https:\/\/albermoya.com\/caminata-con-historia-recorre-la-mision-de-san-fernando-como-un-local\/"]}]},{"@type":"ImageObject","inLanguage":"en-US","@id":"https:\/\/albermoya.com\/caminata-con-historia-recorre-la-mision-de-san-fernando-como-un-local\/#primaryimage","url":"https:\/\/albermoya.com\/wp-content\/uploads\/2025\/04\/ha4x1j85vnrj00cp42k8djtmzm.png","contentUrl":"https:\/\/albermoya.com\/wp-content\/uploads\/2025\/04\/ha4x1j85vnrj00cp42k8djtmzm.png","width":1344,"height":768,"caption":"Caminatas Misi\u00f3n San Fernando"},{"@type":"BreadcrumbList","@id":"https:\/\/albermoya.com\/caminata-con-historia-recorre-la-mision-de-san-fernando-como-un-local\/#breadcrumb","itemListElement":[{"@type":"ListItem","position":1,"name":"Portada","item":"https:\/\/albermoya.com\/"},{"@type":"ListItem","position":2,"name":"Caminata con historia: Recorre la Misi\u00f3n de San Fernando como un local"}]},{"@type":"WebSite","@id":"https:\/\/albermoya.com\/#website","url":"https:\/\/albermoya.com\/","name":"Alberto Moya - Advisor","description":"Realtor in Los Angeles. Services to help you buy and sell a home in Los Angeles.","publisher":{"@id":"https:\/\/albermoya.com\/#\/schema\/person\/9ff661a570c78114c2b0e236c968b579"},"potentialAction":[{"@type":"SearchAction","target":{"@type":"EntryPoint","urlTemplate":"https:\/\/albermoya.com\/?s={search_term_string}"},"query-input":{"@type":"PropertyValueSpecification","valueRequired":true,"valueName":"search_term_string"}}],"inLanguage":"en-US"},{"@type":["Person","Organization"],"@id":"https:\/\/albermoya.com\/#\/schema\/person\/9ff661a570c78114c2b0e236c968b579","name":"Alber","image":{"@type":"ImageObject","inLanguage":"en-US","@id":"https:\/\/albermoya.com\/wp-content\/uploads\/2021\/06\/logo_alber_moya-02.png","url":"https:\/\/albermoya.com\/wp-content\/uploads\/2021\/06\/logo_alber_moya-02.png","contentUrl":"https:\/\/albermoya.com\/wp-content\/uploads\/2021\/06\/logo_alber_moya-02.png","width":568,"height":254,"caption":"Alber"},"logo":{"@id":"https:\/\/albermoya.com\/wp-content\/uploads\/2021\/06\/logo_alber_moya-02.png"},"sameAs":["https:\/\/albermoya.com\/","https:\/\/www.facebook.com\/albermoyavalley\/","https:\/\/www.instagram.com\/albermoyarealtor\/","https:\/\/www.linkedin.com\/in\/albermoya","https:\/\/www.youtube.com\/channel\/UCmJjMB11OCAiJ3c8phJLgoQ"],"url":"https:\/\/albermoya.com\/en\/author\/amoyaguerrerogmail-com\/"}]}},"_links":{"self":[{"href":"https:\/\/albermoya.com\/en\/wp-json\/wp\/v2\/posts\/10347","targetHints":{"allow":["GET"]}}],"collection":[{"href":"https:\/\/albermoya.com\/en\/wp-json\/wp\/v2\/posts"}],"about":[{"href":"https:\/\/albermoya.com\/en\/wp-json\/wp\/v2\/types\/post"}],"author":[{"embeddable":true,"href":"https:\/\/albermoya.com\/en\/wp-json\/wp\/v2\/users\/19"}],"replies":[{"embeddable":true,"href":"https:\/\/albermoya.com\/en\/wp-json\/wp\/v2\/comments?post=10347"}],"version-history":[{"count":0,"href":"https:\/\/albermoya.com\/en\/wp-json\/wp\/v2\/posts\/10347\/revisions"}],"wp:featuredmedia":[{"embeddable":true,"href":"https:\/\/albermoya.com\/en\/wp-json\/wp\/v2\/media\/10346"}],"wp:attachment":[{"href":"https:\/\/albermoya.com\/en\/wp-json\/wp\/v2\/media?parent=10347"}],"wp:term":[{"taxonomy":"category","embeddable":true,"href":"https:\/\/albermoya.com\/en\/wp-json\/wp\/v2\/categories?post=10347"},{"taxonomy":"post_tag","embeddable":true,"href":"https:\/\/albermoya.com\/en\/wp-json\/wp\/v2\/tags?post=10347"}],"curies":[{"name":"wp","href":"https:\/\/api.w.org\/{rel}","templated":true}]}}