{"id":9528,"date":"2025-01-12T04:07:41","date_gmt":"2025-01-12T03:07:41","guid":{"rendered":"https:\/\/albermoya.com\/los-angeles-en-llamas-un-retrato-de-resiliencia-y-comunidad\/"},"modified":"2025-01-12T04:07:41","modified_gmt":"2025-01-12T03:07:41","slug":"los-angeles-on-fire-a-portrait-of-resilience-and-community","status":"publish","type":"post","link":"https:\/\/albermoya.com\/en\/los-angeles-on-fire-a-portrait-of-resilience-and-community\/","title":{"rendered":"Angels on Fire: A Portrait of Resilience and Community"},"content":{"rendered":"<div id=\"ez-toc-container\" class=\"ez-toc-v2_0_82_2 counter-hierarchy ez-toc-counter ez-toc-grey ez-toc-container-direction\">\n<div class=\"ez-toc-title-container\"><p class=\"ez-toc-title\" style=\"cursor:inherit\">Table of Contents<\/p>\n<\/div><nav><ul class='ez-toc-list ez-toc-list-level-1' ><li class='ez-toc-page-1 ez-toc-heading-level-2'><a class=\"ez-toc-link ez-toc-heading-1\" href=\"https:\/\/albermoya.com\/en\/los-angeles-on-fire-a-portrait-of-resilience-and-community\/#Un_Evento_Historico_de_Destruccion\" >A Historical Event of Destruction<\/a><\/li><li class='ez-toc-page-1 ez-toc-heading-level-2'><a class=\"ez-toc-link ez-toc-heading-2\" href=\"https:\/\/albermoya.com\/en\/los-angeles-on-fire-a-portrait-of-resilience-and-community\/#Impacto_Humano_y_Material\" >Human and Material Impact<\/a><\/li><li class='ez-toc-page-1 ez-toc-heading-level-2'><a class=\"ez-toc-link ez-toc-heading-3\" href=\"https:\/\/albermoya.com\/en\/los-angeles-on-fire-a-portrait-of-resilience-and-community\/#Los_Focos_del_Incendio\" >The Fire&#039;s Foci<\/a><\/li><li class='ez-toc-page-1 ez-toc-heading-level-2'><a class=\"ez-toc-link ez-toc-heading-4\" href=\"https:\/\/albermoya.com\/en\/los-angeles-on-fire-a-portrait-of-resilience-and-community\/#Evacuaciones_y_Medidas_de_Seguridad\" >Evacuations and Safety Measures<\/a><\/li><li class='ez-toc-page-1 ez-toc-heading-level-2'><a class=\"ez-toc-link ez-toc-heading-5\" href=\"https:\/\/albermoya.com\/en\/los-angeles-on-fire-a-portrait-of-resilience-and-community\/#Apoyo_Gubernamental_y_Comunitario\" >Government and Community Support<\/a><\/li><li class='ez-toc-page-1 ez-toc-heading-level-2'><a class=\"ez-toc-link ez-toc-heading-6\" href=\"https:\/\/albermoya.com\/en\/los-angeles-on-fire-a-portrait-of-resilience-and-community\/#Un_Espiritu_de_Resiliencia\" >A Spirit of Resilience<\/a><\/li><\/ul><\/nav><\/div>\n<p><img src =\"https:\/\/oaidalleapiprodscus.blob.core.windows.net\/private\/org-hWwJXHudeTfzISj2eoeKUkbJ\/user-vp70VUUx0vASK7KblKuwHj71\/img-jbFc0NurB9nzW9dNpyKHmqmt.png?st=2025-01-12T02%3A07%3A40Z&#038;se=2025-01-12T04%3A07%3A40Z&#038;sp=r&#038;sv=2024-08-04&#038;sr=b&#038;rscd=inline&#038;rsct=image\/png&#038;skoid=d505667d-d6c1-4a0a-bac7-5c84a87759f8&#038;sktid=a48cca56-e6da-484e-a814-9c849652bcb3&#038;skt=2025-01-12T00%3A32%3A25Z&#038;ske=2025-01-13T00%3A32%3A25Z&#038;sks=b&#038;skv=2024-08-04&#038;sig=rseCwaX6WuqzJPPEhyKnIWPwrdVFznYrqtqNbuH2Zi8%3D\"><\/p>\n<h2><span class=\"ez-toc-section\" id=\"Un_Evento_Historico_de_Destruccion\"><\/span>A Historical Event of Destruction<span class=\"ez-toc-section-end\"><\/span><\/h2>\n<p>The recent fires in Los Angeles have left an indelible mark on all of our memories. We are facing devastation of epic proportions that has shaken the foundations of our city. We are talking about a catastrophe that has destroyed not only landscapes, but also lives and dreams.<\/p>\n<h2><span class=\"ez-toc-section\" id=\"Impacto_Humano_y_Material\"><\/span>Human and Material Impact<span class=\"ez-toc-section-end\"><\/span><\/h2>\n<p>With deep regret, 10 people have been reported dead, according to the Los Angeles Medical Examiner&#039;s Department. The destruction figures are equally discouraging, with thousands of buildings consumed by the flames and a total of more than 14,400 hectares devastated by the fire.<\/p>\n<h2><span class=\"ez-toc-section\" id=\"Los_Focos_del_Incendio\"><\/span>The Fire&#039;s Foci<span class=\"ez-toc-section-end\"><\/span><\/h2>\n<p>As for the fire hotspots, the Pacific Palisades area has been one of the hardest hit, with approximately 8,100 hectares burned. Despite herculean efforts, only 6% of this fire is under control. On the other hand, the fire known as \u201cKenneth\u201d, which is suspected to have been started by arson, continues to burn in the hills of Calabasas, although the flames have been contained to some extent.<\/p>\n<h2><span class=\"ez-toc-section\" id=\"Evacuaciones_y_Medidas_de_Seguridad\"><\/span>Evacuations and Safety Measures<span class=\"ez-toc-section-end\"><\/span><\/h2>\n<p>The situation has forced more than 180,000 people to evacuate their homes, seeking shelter in safe places. Although evacuations related to the Kenneth fire have been relaxed to mere warnings, a curfew remains in place to prevent possible looting in the most damaged areas. So far, there have been arrests related to these incidents.<\/p>\n<h2><span class=\"ez-toc-section\" id=\"Apoyo_Gubernamental_y_Comunitario\"><\/span>Government and Community Support<span class=\"ez-toc-section-end\"><\/span><\/h2>\n<p>From the top, President Joe Biden has assured that the federal government will cover all recovery costs for a period of six months. This support is crucial to begin rebuilding our communities and recovering what we have lost.<\/p>\n<h2><span class=\"ez-toc-section\" id=\"Un_Espiritu_de_Resiliencia\"><\/span>A Spirit of Resilience<span class=\"ez-toc-section-end\"><\/span><\/h2>\n<p>If anything defines us as a community, it is our ability to get up and move forward. Despite the tragedy, we have seen an impressive display of resilience, where neighbors and organizations join forces to rebuild and protect what remains. Solidarity has become our greatest tool in the face of adversity.<\/p>\n<p>These events remind us of the importance of being prepared and staying united as a community. While the road to recovery is long, we are confident that together, Los Angeles will emerge stronger than ever.<\/p>\n<p><a class=\"cta\" href=\"https:\/\/albermoya.com\/en\/\">Connect with Alber Moya and Join the Recovery<\/a><\/p>","protected":false},"excerpt":{"rendered":"<p>Un Evento Hist\u00f3rico de Destrucci\u00f3n Los recientes incendios en Los \u00c1ngeles han dejado una huella imborrable en la memoria de todos nosotros. Enfrentamos una devastaci\u00f3n de magnitudes \u00e9picas que ha sacudido los cimientos de nuestra ciudad. Estamos hablando de una cat\u00e1strofe que ha arrasado no solo con paisajes, sino tambi\u00e9n con vidas y sue\u00f1os. Impacto [&hellip;]<\/p>\n","protected":false},"author":1,"featured_media":0,"comment_status":"closed","ping_status":"closed","sticky":false,"template":"","format":"standard","meta":{"_acf_changed":false,"site-sidebar-layout":"default","site-content-layout":"","ast-site-content-layout":"","site-content-style":"default","site-sidebar-style":"default","ast-global-header-display":"","ast-banner-title-visibility":"","ast-main-header-display":"","ast-hfb-above-header-display":"","ast-hfb-below-header-display":"","ast-hfb-mobile-header-display":"","site-post-title":"","ast-breadcrumbs-content":"","ast-featured-img":"","footer-sml-layout":"","theme-transparent-header-meta":"","adv-header-id-meta":"","stick-header-meta":"","header-above-stick-meta":"","header-main-stick-meta":"","header-below-stick-meta":"","astra-migrate-meta-layouts":"default","ast-page-background-enabled":"default","ast-page-background-meta":{"desktop":{"background-color":"","background-image":"","background-repeat":"repeat","background-position":"center center","background-size":"auto","background-attachment":"scroll","background-type":"","background-media":"","overlay-type":"","overlay-color":"","overlay-opacity":"","overlay-gradient":""},"tablet":{"background-color":"","background-image":"","background-repeat":"repeat","background-position":"center center","background-size":"auto","background-attachment":"scroll","background-type":"","background-media":"","overlay-type":"","overlay-color":"","overlay-opacity":"","overlay-gradient":""},"mobile":{"background-color":"","background-image":"","background-repeat":"repeat","background-position":"center center","background-size":"auto","background-attachment":"scroll","background-type":"","background-media":"","overlay-type":"","overlay-color":"","overlay-opacity":"","overlay-gradient":""}},"ast-content-background-meta":{"desktop":{"background-color":"var(--ast-global-color-5)","background-image":"","background-repeat":"repeat","background-position":"center center","background-size":"auto","background-attachment":"scroll","background-type":"","background-media":"","overlay-type":"","overlay-color":"","overlay-opacity":"","overlay-gradient":""},"tablet":{"background-color":"var(--ast-global-color-5)","background-image":"","background-repeat":"repeat","background-position":"center center","background-size":"auto","background-attachment":"scroll","background-type":"","background-media":"","overlay-type":"","overlay-color":"","overlay-opacity":"","overlay-gradient":""},"mobile":{"background-color":"var(--ast-global-color-5)","background-image":"","background-repeat":"repeat","background-position":"center center","background-size":"auto","background-attachment":"scroll","background-type":"","background-media":"","overlay-type":"","overlay-color":"","overlay-opacity":"","overlay-gradient":""}},"footnotes":""},"categories":[1],"tags":[254],"class_list":["post-9528","post","type-post","status-publish","format-standard","hentry","category-novedades","tag-ambiental"],"acf":[],"yoast_head":"<!-- This site is optimized with the Yoast SEO plugin v27.5 - https:\/\/yoast.com\/product\/yoast-seo-wordpress\/ -->\n<title>Los \u00c1ngeles en Llamas: Un Retrato de Resiliencia y Comunidad - Alberto Moya - Realtor<\/title>\n<meta name=\"robots\" content=\"index, follow, max-snippet:-1, max-image-preview:large, max-video-preview:-1\" \/>\n<link rel=\"canonical\" href=\"https:\/\/albermoya.com\/en\/los-angeles-on-fire-a-portrait-of-resilience-and-community\/\" \/>\n<meta property=\"og:locale\" content=\"en_US\" \/>\n<meta property=\"og:type\" content=\"article\" \/>\n<meta property=\"og:title\" content=\"Los \u00c1ngeles en Llamas: Un Retrato de Resiliencia y Comunidad - Alberto Moya - Realtor\" \/>\n<meta property=\"og:description\" content=\"Un Evento Hist\u00f3rico de Destrucci\u00f3n Los recientes incendios en Los \u00c1ngeles han dejado una huella imborrable en la memoria de todos nosotros. Enfrentamos una devastaci\u00f3n de magnitudes \u00e9picas que ha sacudido los cimientos de nuestra ciudad. Estamos hablando de una cat\u00e1strofe que ha arrasado no solo con paisajes, sino tambi\u00e9n con vidas y sue\u00f1os. Impacto [&hellip;]\" \/>\n<meta property=\"og:url\" content=\"https:\/\/albermoya.com\/en\/los-angeles-on-fire-a-portrait-of-resilience-and-community\/\" \/>\n<meta property=\"og:site_name\" content=\"Alberto Moya - Realtor\" \/>\n<meta property=\"article:publisher\" content=\"https:\/\/www.facebook.com\/albermoyavalley\/\" \/>\n<meta property=\"article:published_time\" content=\"2025-01-12T03:07:41+00:00\" \/>\n<meta name=\"author\" content=\"stendelis\" \/>\n<meta name=\"twitter:card\" content=\"summary_large_image\" \/>\n<script type=\"application\/ld+json\" class=\"yoast-schema-graph\">{\"@context\":\"https:\\\/\\\/schema.org\",\"@graph\":[{\"@type\":\"Article\",\"@id\":\"https:\\\/\\\/albermoya.com\\\/los-angeles-en-llamas-un-retrato-de-resiliencia-y-comunidad\\\/#article\",\"isPartOf\":{\"@id\":\"https:\\\/\\\/albermoya.com\\\/los-angeles-en-llamas-un-retrato-de-resiliencia-y-comunidad\\\/\"},\"author\":{\"name\":\"stendelis\",\"@id\":\"https:\\\/\\\/albermoya.com\\\/#\\\/schema\\\/person\\\/118ce6e69f9eb710bbd56a44b9be3ba5\"},\"headline\":\"Los \u00c1ngeles en Llamas: Un Retrato de Resiliencia y Comunidad\",\"datePublished\":\"2025-01-12T03:07:41+00:00\",\"mainEntityOfPage\":{\"@id\":\"https:\\\/\\\/albermoya.com\\\/los-angeles-en-llamas-un-retrato-de-resiliencia-y-comunidad\\\/\"},\"wordCount\":411,\"publisher\":{\"@id\":\"https:\\\/\\\/albermoya.com\\\/#\\\/schema\\\/person\\\/9ff661a570c78114c2b0e236c968b579\"},\"keywords\":[\"ambiental\"],\"articleSection\":[\"Novedades\"],\"inLanguage\":\"en-US\"},{\"@type\":\"WebPage\",\"@id\":\"https:\\\/\\\/albermoya.com\\\/los-angeles-en-llamas-un-retrato-de-resiliencia-y-comunidad\\\/\",\"url\":\"https:\\\/\\\/albermoya.com\\\/los-angeles-en-llamas-un-retrato-de-resiliencia-y-comunidad\\\/\",\"name\":\"Los \u00c1ngeles en Llamas: Un Retrato de Resiliencia y Comunidad - Alberto Moya - Realtor\",\"isPartOf\":{\"@id\":\"https:\\\/\\\/albermoya.com\\\/#website\"},\"datePublished\":\"2025-01-12T03:07:41+00:00\",\"breadcrumb\":{\"@id\":\"https:\\\/\\\/albermoya.com\\\/los-angeles-en-llamas-un-retrato-de-resiliencia-y-comunidad\\\/#breadcrumb\"},\"inLanguage\":\"en-US\",\"potentialAction\":[{\"@type\":\"ReadAction\",\"target\":[\"https:\\\/\\\/albermoya.com\\\/los-angeles-en-llamas-un-retrato-de-resiliencia-y-comunidad\\\/\"]}]},{\"@type\":\"BreadcrumbList\",\"@id\":\"https:\\\/\\\/albermoya.com\\\/los-angeles-en-llamas-un-retrato-de-resiliencia-y-comunidad\\\/#breadcrumb\",\"itemListElement\":[{\"@type\":\"ListItem\",\"position\":1,\"name\":\"Portada\",\"item\":\"https:\\\/\\\/albermoya.com\\\/\"},{\"@type\":\"ListItem\",\"position\":2,\"name\":\"Los \u00c1ngeles en Llamas: Un Retrato de Resiliencia y Comunidad\"}]},{\"@type\":\"WebSite\",\"@id\":\"https:\\\/\\\/albermoya.com\\\/#website\",\"url\":\"https:\\\/\\\/albermoya.com\\\/\",\"name\":\"Alberto Moya - Asesor\",\"description\":\"Realtor en Los Angeles. Servicios para ayudarte a comprar y vender casa en Los \u00c1ngeles.\",\"publisher\":{\"@id\":\"https:\\\/\\\/albermoya.com\\\/#\\\/schema\\\/person\\\/9ff661a570c78114c2b0e236c968b579\"},\"potentialAction\":[{\"@type\":\"SearchAction\",\"target\":{\"@type\":\"EntryPoint\",\"urlTemplate\":\"https:\\\/\\\/albermoya.com\\\/?s={search_term_string}\"},\"query-input\":{\"@type\":\"PropertyValueSpecification\",\"valueRequired\":true,\"valueName\":\"search_term_string\"}}],\"inLanguage\":\"en-US\"},{\"@type\":[\"Person\",\"Organization\"],\"@id\":\"https:\\\/\\\/albermoya.com\\\/#\\\/schema\\\/person\\\/9ff661a570c78114c2b0e236c968b579\",\"name\":\"Alber\",\"image\":{\"@type\":\"ImageObject\",\"inLanguage\":\"en-US\",\"@id\":\"https:\\\/\\\/albermoya.com\\\/wp-content\\\/uploads\\\/2021\\\/06\\\/logo_alber_moya-02.png\",\"url\":\"https:\\\/\\\/albermoya.com\\\/wp-content\\\/uploads\\\/2021\\\/06\\\/logo_alber_moya-02.png\",\"contentUrl\":\"https:\\\/\\\/albermoya.com\\\/wp-content\\\/uploads\\\/2021\\\/06\\\/logo_alber_moya-02.png\",\"width\":568,\"height\":254,\"caption\":\"Alber\"},\"logo\":{\"@id\":\"https:\\\/\\\/albermoya.com\\\/wp-content\\\/uploads\\\/2021\\\/06\\\/logo_alber_moya-02.png\"},\"sameAs\":[\"https:\\\/\\\/albermoya.com\\\/\",\"https:\\\/\\\/www.facebook.com\\\/albermoyavalley\\\/\",\"https:\\\/\\\/www.instagram.com\\\/albermoyarealtor\\\/\",\"https:\\\/\\\/www.linkedin.com\\\/in\\\/albermoya\",\"https:\\\/\\\/www.youtube.com\\\/channel\\\/UCmJjMB11OCAiJ3c8phJLgoQ\"]},{\"@type\":\"Person\",\"@id\":\"https:\\\/\\\/albermoya.com\\\/#\\\/schema\\\/person\\\/118ce6e69f9eb710bbd56a44b9be3ba5\",\"name\":\"stendelis\",\"sameAs\":[\"https:\\\/\\\/albermoya.com\"],\"url\":\"https:\\\/\\\/albermoya.com\\\/en\\\/author\\\/stendelis\\\/\"}]}<\/script>\n<!-- \/ Yoast SEO plugin. -->","yoast_head_json":{"title":"Los Angeles on Fire: A Portrait of Resilience and Community - Alberto Moya - Realtor","robots":{"index":"index","follow":"follow","max-snippet":"max-snippet:-1","max-image-preview":"max-image-preview:large","max-video-preview":"max-video-preview:-1"},"canonical":"https:\/\/albermoya.com\/en\/los-angeles-on-fire-a-portrait-of-resilience-and-community\/","og_locale":"en_US","og_type":"article","og_title":"Los \u00c1ngeles en Llamas: Un Retrato de Resiliencia y Comunidad - Alberto Moya - Realtor","og_description":"Un Evento Hist\u00f3rico de Destrucci\u00f3n Los recientes incendios en Los \u00c1ngeles han dejado una huella imborrable en la memoria de todos nosotros. Enfrentamos una devastaci\u00f3n de magnitudes \u00e9picas que ha sacudido los cimientos de nuestra ciudad. Estamos hablando de una cat\u00e1strofe que ha arrasado no solo con paisajes, sino tambi\u00e9n con vidas y sue\u00f1os. Impacto [&hellip;]","og_url":"https:\/\/albermoya.com\/en\/los-angeles-on-fire-a-portrait-of-resilience-and-community\/","og_site_name":"Alberto Moya - Realtor","article_publisher":"https:\/\/www.facebook.com\/albermoyavalley\/","article_published_time":"2025-01-12T03:07:41+00:00","author":"stendelis","twitter_card":"summary_large_image","schema":{"@context":"https:\/\/schema.org","@graph":[{"@type":"Article","@id":"https:\/\/albermoya.com\/los-angeles-en-llamas-un-retrato-de-resiliencia-y-comunidad\/#article","isPartOf":{"@id":"https:\/\/albermoya.com\/los-angeles-en-llamas-un-retrato-de-resiliencia-y-comunidad\/"},"author":{"name":"stendelis","@id":"https:\/\/albermoya.com\/#\/schema\/person\/118ce6e69f9eb710bbd56a44b9be3ba5"},"headline":"Los \u00c1ngeles en Llamas: Un Retrato de Resiliencia y Comunidad","datePublished":"2025-01-12T03:07:41+00:00","mainEntityOfPage":{"@id":"https:\/\/albermoya.com\/los-angeles-en-llamas-un-retrato-de-resiliencia-y-comunidad\/"},"wordCount":411,"publisher":{"@id":"https:\/\/albermoya.com\/#\/schema\/person\/9ff661a570c78114c2b0e236c968b579"},"keywords":["ambiental"],"articleSection":["Novedades"],"inLanguage":"en-US"},{"@type":"WebPage","@id":"https:\/\/albermoya.com\/los-angeles-en-llamas-un-retrato-de-resiliencia-y-comunidad\/","url":"https:\/\/albermoya.com\/los-angeles-en-llamas-un-retrato-de-resiliencia-y-comunidad\/","name":"Los Angeles on Fire: A Portrait of Resilience and Community - Alberto Moya - Realtor","isPartOf":{"@id":"https:\/\/albermoya.com\/#website"},"datePublished":"2025-01-12T03:07:41+00:00","breadcrumb":{"@id":"https:\/\/albermoya.com\/los-angeles-en-llamas-un-retrato-de-resiliencia-y-comunidad\/#breadcrumb"},"inLanguage":"en-US","potentialAction":[{"@type":"ReadAction","target":["https:\/\/albermoya.com\/los-angeles-en-llamas-un-retrato-de-resiliencia-y-comunidad\/"]}]},{"@type":"BreadcrumbList","@id":"https:\/\/albermoya.com\/los-angeles-en-llamas-un-retrato-de-resiliencia-y-comunidad\/#breadcrumb","itemListElement":[{"@type":"ListItem","position":1,"name":"Portada","item":"https:\/\/albermoya.com\/"},{"@type":"ListItem","position":2,"name":"Los \u00c1ngeles en Llamas: Un Retrato de Resiliencia y Comunidad"}]},{"@type":"WebSite","@id":"https:\/\/albermoya.com\/#website","url":"https:\/\/albermoya.com\/","name":"Alberto Moya - Advisor","description":"Realtor in Los Angeles. Services to help you buy and sell a home in Los Angeles.","publisher":{"@id":"https:\/\/albermoya.com\/#\/schema\/person\/9ff661a570c78114c2b0e236c968b579"},"potentialAction":[{"@type":"SearchAction","target":{"@type":"EntryPoint","urlTemplate":"https:\/\/albermoya.com\/?s={search_term_string}"},"query-input":{"@type":"PropertyValueSpecification","valueRequired":true,"valueName":"search_term_string"}}],"inLanguage":"en-US"},{"@type":["Person","Organization"],"@id":"https:\/\/albermoya.com\/#\/schema\/person\/9ff661a570c78114c2b0e236c968b579","name":"Alber","image":{"@type":"ImageObject","inLanguage":"en-US","@id":"https:\/\/albermoya.com\/wp-content\/uploads\/2021\/06\/logo_alber_moya-02.png","url":"https:\/\/albermoya.com\/wp-content\/uploads\/2021\/06\/logo_alber_moya-02.png","contentUrl":"https:\/\/albermoya.com\/wp-content\/uploads\/2021\/06\/logo_alber_moya-02.png","width":568,"height":254,"caption":"Alber"},"logo":{"@id":"https:\/\/albermoya.com\/wp-content\/uploads\/2021\/06\/logo_alber_moya-02.png"},"sameAs":["https:\/\/albermoya.com\/","https:\/\/www.facebook.com\/albermoyavalley\/","https:\/\/www.instagram.com\/albermoyarealtor\/","https:\/\/www.linkedin.com\/in\/albermoya","https:\/\/www.youtube.com\/channel\/UCmJjMB11OCAiJ3c8phJLgoQ"]},{"@type":"Person","@id":"https:\/\/albermoya.com\/#\/schema\/person\/118ce6e69f9eb710bbd56a44b9be3ba5","name":"stendelis","sameAs":["https:\/\/albermoya.com"],"url":"https:\/\/albermoya.com\/en\/author\/stendelis\/"}]}},"_links":{"self":[{"href":"https:\/\/albermoya.com\/en\/wp-json\/wp\/v2\/posts\/9528","targetHints":{"allow":["GET"]}}],"collection":[{"href":"https:\/\/albermoya.com\/en\/wp-json\/wp\/v2\/posts"}],"about":[{"href":"https:\/\/albermoya.com\/en\/wp-json\/wp\/v2\/types\/post"}],"author":[{"embeddable":true,"href":"https:\/\/albermoya.com\/en\/wp-json\/wp\/v2\/users\/1"}],"replies":[{"embeddable":true,"href":"https:\/\/albermoya.com\/en\/wp-json\/wp\/v2\/comments?post=9528"}],"version-history":[{"count":0,"href":"https:\/\/albermoya.com\/en\/wp-json\/wp\/v2\/posts\/9528\/revisions"}],"wp:attachment":[{"href":"https:\/\/albermoya.com\/en\/wp-json\/wp\/v2\/media?parent=9528"}],"wp:term":[{"taxonomy":"category","embeddable":true,"href":"https:\/\/albermoya.com\/en\/wp-json\/wp\/v2\/categories?post=9528"},{"taxonomy":"post_tag","embeddable":true,"href":"https:\/\/albermoya.com\/en\/wp-json\/wp\/v2\/tags?post=9528"}],"curies":[{"name":"wp","href":"https:\/\/api.w.org\/{rel}","templated":true}]}}